{"id":4895,"date":"2025-09-15T13:59:14","date_gmt":"2025-09-15T11:59:14","guid":{"rendered":"https:\/\/www.iflw.de\/blog\/?p=4895"},"modified":"2025-09-18T17:43:01","modified_gmt":"2025-09-18T15:43:01","slug":"lerntherapie-finanzierung-vom-jugendamt-antrag-und-zulassung-nach-%c2%a7-35a-sgb-viii-ratgeber-fuer-therapeuten-und-eltern","status":"publish","type":"post","link":"https:\/\/www.iflw.de\/blog\/lerntherapie-lerntherapeut\/lerntherapie-finanzierung-vom-jugendamt-antrag-und-zulassung-nach-%c2%a7-35a-sgb-viii-ratgeber-fuer-therapeuten-und-eltern\/","title":{"rendered":"Lerntherapie-Finanzierung vom Jugendamt: Antrag und Zulassung nach \u00a7 35a SGB VIII \u2013 Ratgeber f\u00fcr Therapeuten und Eltern"},"content":{"rendered":"\n<p><strong>Integrative Lerntherapie kann \u00fcber das Jugendamt finanziert werden<\/strong> \u2013 unter bestimmten Voraussetzungen nach \u00a7\u202f35a SGB VIII. Voraussetzung ist eine diagnostizierte Lernst\u00f6rung, die zu einer drohenden oder bereits bestehenden seelischen Behinderung f\u00fchrt und dadurch die gesellschaftliche Teilhabe beeintr\u00e4chtigt. Doch wie l\u00e4uft der Antrag konkret ab? Welche Nachweise sind erforderlich? Und welche Vor- oder Nachteile hat eine Finanzierung \u00fcber das Jugendamt im Vergleich zur privaten Bezahlung?<\/p>\n\n\n\n<p><strong>Karolina Altenburger ist Integrative Lerntherapeutin (IFLW)<\/strong>, leitet die Praxis <a href=\"https:\/\/www.kleine-einsteinschule.de\/\" rel=\"nofollow\">\u201eKleine Einsteinschule\u201c<\/a> in N\u00fcrtingen-Oberensingen und ist vom zust\u00e4ndigen Landratsamt offiziell als Anbieterin f\u00fcr Eingliederungshilfe nach <a href=\"https:\/\/www.gesetze-im-internet.de\/sgb_8\/__35a.html\">\u00a7\u202f35a <\/a><a href=\"https:\/\/www.gesetze-im-internet.de\/sgb_8\/__35a.html\" rel=\"nofollow\">S<\/a><a href=\"https:\/\/www.gesetze-im-internet.de\/sgb_8\/__35a.html\">GB VIII<\/a> zugelassen. Wir haben mit ihr \u00fcber den Ablauf der Antragstellung, die Rolle des Jugendamts und verschiedene Modelle zur Kosten\u00fcbernahme in der Lerntherapie gesprochen.<\/p>\n\n\n\n<div class=\"wp-block-uagb-advanced-heading uagb-block-1cf71390\"><h2 class=\"uagb-heading-text\">Interview: Finanzierung von Lerntherapie \u00fcber das Jugendamt<\/h2><\/div>\n\n\n\n<p><strong>Christine Falk-Fr\u00fchbrodt:<\/strong> Frau Altenburger, Sie sind selbstst\u00e4ndige Integrative Lerntherapeutin (IFLW) und rechnen Ihre Leistungen mit dem Jugendamt ab. Wie kam es dazu?<\/p>\n\n\n\n<p><strong>Karolina Altenburger:<\/strong> Ich habe mich beim Jugendamt als Anbieterin f\u00fcr ambulante Hilfen nach <a href=\"https:\/\/www.gesetze-im-internet.de\/sgb_8\/__35a.html\" rel=\"nofollow\">\u00a7\u202f35a SGB VIII<\/a> listen lassen, damit auch Kinder aus finanziell schw\u00e4cheren Familien Zugang zu Lerntherapie haben. Mir ist Chancengleichheit sehr wichtig \u2013 und das ist mein Beitrag dazu.<\/p>\n\n\n\n<p><strong>Christine Falk-Fr\u00fchbrodt:<\/strong> Was war f\u00fcr die offizielle Zulassung als Lerntherapeutin erforderlich?<\/p>\n\n\n\n<p><strong>Karolina Altenburger: <\/strong>Ich musste einen Antrag beim zust\u00e4ndigen Jugendamt stellen und meine fachliche Qualifikation nachweisen. Das umfasste mein Studium der P\u00e4dagogik und Soziologie sowie meine <a href=\"https:\/\/www.iflw.de\/#Lerntherapie-Ausbildung\">Zusatzausbildung zur Integrativen Lerntherapeutin beim IFLW<\/a>. Zus\u00e4tzlich hatte ich bereits eine Zulassung bei einer Krankenkasse im Bereich Pr\u00e4vention, was sicherlich geholfen hat. Auch geeignete Praxisr\u00e4ume waren Voraussetzung. Der gesamte Prozess inklusive einer abschlie\u00dfenden Pr\u00fcfung vor Ort dauerte fast zwei Jahre.<\/p>\n\n\n\n<p><strong>Christine Falk-Fr\u00fchbrodt:<\/strong> Wie viele Ihrer Klientinnen und Klienten werden \u00fcber das Jugendamt finanziert?<\/p>\n\n\n\n<p><strong>Karolina Altenburger:<\/strong> Derzeit etwa 70 Prozent. Viele Familien starten zun\u00e4chst als Selbstzahler, weil die Antragstellung eine gewisse Zeit dauert. Ich unterst\u00fctze die Eltern in dieser \u00dcbergangsphase und helfe beim Antragsprozess.<\/p>\n\n\n\n<p><strong>Christine Falk-Fr\u00fchbrodt:<\/strong> Und wie sieht es mit reinen Selbstzahlern aus?<\/p>\n\n\n\n<p><strong>Karolina Altenburger:<\/strong> Auch die gibt es. Sie machen aktuell rund 30 Prozent aus. Manche buchen einzelne Module wie Konzentrationstraining, Brain-Gym oder Pr\u00fcfungsvorbereitung. Bei Pr\u00fcfungsangst arbeiten wir z.\u202fB. mit Autogenem Training oder Atemtechniken. Diese Bausteine sind wertvoll, geh\u00f6ren aber meist nicht zu den Leistungen, die das Jugendamt im Einzelnen \u00fcbernimmt.<\/p>\n\n\n\n<p><strong>Christine Falk-Fr\u00fchbrodt:<\/strong> Was sind Ihrer Meinung nach die wichtigsten Unterschiede zwischen Privatzahlung und Jugendamtsfinanzierung?<\/p>\n\n\n\n<p><strong>Karolina Altenburger:<\/strong> Bei privater Finanzierung kann ich ohne Wartezeit oder Papierkram sofort loslegen. Das ist gerade bei akuten schulischen Problemen hilfreich. Die Finanzierung \u00fcber das Jugendamt entlastet die Familien finanziell, erfordert aber Geduld und viel Verwaltungsarbeit. Oft braucht es F\u00f6rderpl\u00e4ne, Zwischenberichte, Abschlussdokumentationen, die nat\u00fcrlich Zeit kosten.<\/p>\n\n\n\n<p><strong>Christine Falk-Fr\u00fchbrodt:<\/strong> Diese Zusatzleistungen wie Berichte oder Elterngespr\u00e4che \u2013 werden die verg\u00fctet?<\/p>\n\n\n\n<p><strong>Karolina Altenburger:<\/strong> Das h\u00e4ngt vom Landkreis ab. In meiner Praxis mache ich keinen Unterschied bei der Betreuung. Ich erstelle Therapiepl\u00e4ne und Berichte f\u00fcr alle Kinder \u2013 egal, ob gef\u00f6rdert oder nicht. In manchen Regionen wie Reutlingen oder Stuttgart lassen sich Elterngespr\u00e4che und Kontakte mit Lehrern zus\u00e4tzlich abrechnen. In Esslingen gibt es eine monatliche Pauschale, unabh\u00e4ngig vom tats\u00e4chlichen Aufwand. Das sind aktuell 223 Euro pro Kind.<\/p>\n\n\n\n<p><strong>Christine Falk-Fr\u00fchbrodt: <\/strong>Wer legt die Honorars\u00e4tze fest?<\/p>\n\n\n\n<p><strong>Karolina Altenburger:<\/strong> Die legt das jeweilige Jugendamt fest, nicht der Therapeut. In Esslingen gibt es eine Pauschale, in anderen Landkreisen wie Reutlingen wird nach tats\u00e4chlich geleisteten Stunden abgerechnet. Manchmal m\u00fcssen die Eltern zus\u00e4tzlich einen kleinen Eigenanteil \u00fcbernehmen. Das wird aber individuell gepr\u00fcft.<\/p>\n\n\n\n<p><strong>Christine Falk-Fr\u00fchbrodt:<\/strong> Vielen Dank f\u00fcr die Einblicke in Ihre Praxis, Frau Altenburger! Wir w\u00fcnschen Ihnen weiterhin viel Erfolg mit Ihrer <a href=\"https:\/\/www.kleine-einsteinschule.de\/\" rel=\"nofollow\">\u201eKleinen Einsteinschule\u201c<\/a> in 72622 N\u00fcrtingen-Oberensingen.<\/p>\n\n\n\n<div class=\"wp-block-uagb-advanced-heading uagb-block-809bfd28\"><h2 class=\"uagb-heading-text\">Hinweis f\u00fcr Eltern: So erfahren Sie, ob Lerntherapie in Ihrem Fall gef\u00f6rdert wird<\/h2><\/div>\n\n\n\n<p>In Deutschland gibt es rund 580 Jugend\u00e4mter. Jedes entscheidet eigenst\u00e4ndig. <strong>Ob und in welchem Umfang Lerntherapie gef\u00f6rdert wird, h\u00e4ngt vom jeweiligen Jugendamt ab.<\/strong> Holen Sie daher fr\u00fchzeitig eine Auskunft beim zust\u00e4ndigen Jugendamt Ihrer Stadt oder Ihres Landkreises ein.<\/p>\n\n\n\n<div class=\"wp-block-uagb-advanced-heading uagb-block-c5380981\"><h2 class=\"uagb-heading-text\">H\u00e4ufig gestellte Fragen zur Finanzierung von Lerntherapie nach \u00a7\u202f35a SGB VIII<\/h2><\/div>\n\n\n<div class=\"wp-block-uagb-faq uagb-faq__outer-wrap uagb-block-78eb8b17 uagb-faq-icon-row uagb-faq-layout-accordion uagb-faq-expand-first-true uagb-faq-inactive-other-true uagb-faq__wrap uagb-buttons-layout-wrap uagb-faq-equal-height     \" data-faqtoggle=\"true\" role=\"tablist\"><script type=\"application\/ld+json\">{\"@context\":\"https:\\\/\\\/schema.org\",\"@type\":\"FAQPage\",\"@id\":\"https:\\\/\\\/www.iflw.de\\\/blog\\\/lerntherapie-lerntherapeut\\\/lerntherapie-finanzierung-vom-jugendamt-antrag-und-zulassung-nach-%c2%a7-35a-sgb-viii-ratgeber-fuer-therapeuten-und-eltern\\\/\",\"mainEntity\":[{\"@type\":\"Question\",\"name\":\"Was ist \\u00a7 35a SGB VIII?\",\"acceptedAnswer\":{\"@type\":\"Answer\",\"text\":\"Dieser Paragraf regelt die Eingliederungshilfe f\\u00fcr Kinder mit (drohender) seelischer Behinderung, z.\\u202fB. infolge einer Lernst\\u00f6rung. Ziel ist die Teilhabe am gesellschaftlichen Leben.\"}},{\"@type\":\"Question\",\"name\":\"Wird Lerntherapie immer vom Jugendamt bezahlt?\",\"acceptedAnswer\":{\"@type\":\"Answer\",\"text\":\"Nein. Es muss eine diagnostizierte Lernst\\u00f6rung vorliegen. Zudem entscheidet jedes Jugendamt im Einzelfall.\"}},{\"@type\":\"Question\",\"name\":\"Wie lange dauert es bis zur Bewilligung der Kosten\\u00fcbernahme?\",\"acceptedAnswer\":{\"@type\":\"Answer\",\"text\":\"Je nach Jugendamt kann die Bewilligung der Kosten\\u00fcbernahme einige Wochen bis mehrere Monate dauern. Viele Therapeuten bieten eine \\u00dcberbr\\u00fcckung als Selbstzahler an.\"}},{\"@type\":\"Question\",\"name\":\"Welche Unterlagen sind f\\u00fcr den Antrag n\\u00f6tig?\",\"acceptedAnswer\":{\"@type\":\"Answer\",\"text\":\"In der Regel sind ein \\u00e4rztliches oder psychologisches Gutachten, eine schulische Einsch\\u00e4tzung, ein F\\u00f6rderplan sowie die formale Antragstellung durch die Eltern erforderlich.\"}}]}<\/script><div class=\"wp-block-uagb-faq-child uagb-faq-child__outer-wrap uagb-faq-item uagb-block-ceb784f3 \" role=\"tab\" tabindex=\"0\"><div class=\"uagb-faq-questions-button uagb-faq-questions\">\t\t\t<span class=\"uagb-icon uagb-faq-icon-wrap\">\n\t\t\t\t\t\t\t\t<svg xmlns=\"https:\/\/www.w3.org\/2000\/svg\" viewBox= \"0 0 448 512\"><path d=\"M432 256c0 17.69-14.33 32.01-32 32.01H256v144c0 17.69-14.33 31.99-32 31.99s-32-14.3-32-31.99v-144H48c-17.67 0-32-14.32-32-32.01s14.33-31.99 32-31.99H192v-144c0-17.69 14.33-32.01 32-32.01s32 14.32 32 32.01v144h144C417.7 224 432 238.3 432 256z\"><\/path><\/svg>\n\t\t\t\t\t\t\t<\/span>\n\t\t\t\t\t\t<span class=\"uagb-icon-active uagb-faq-icon-wrap\">\n\t\t\t\t\t\t\t\t<svg xmlns=\"https:\/\/www.w3.org\/2000\/svg\" viewBox= \"0 0 448 512\"><path d=\"M400 288h-352c-17.69 0-32-14.32-32-32.01s14.31-31.99 32-31.99h352c17.69 0 32 14.3 32 31.99S417.7 288 400 288z\"><\/path><\/svg>\n\t\t\t\t\t\t\t<\/span>\n\t\t\t<h3 class=\"uagb-question\">Was ist \u00a7 35a SGB VIII?<\/h3><\/div><div class=\"uagb-faq-content\"><p>Dieser Paragraf regelt die Eingliederungshilfe f\u00fcr Kinder mit (drohender) seelischer Behinderung, z.\u202fB. infolge einer Lernst\u00f6rung. Ziel ist die Teilhabe am gesellschaftlichen Leben.<\/p><\/div><\/div><div class=\"wp-block-uagb-faq-child uagb-faq-child__outer-wrap uagb-faq-item uagb-block-b13ebeb0 \" role=\"tab\" tabindex=\"0\"><div class=\"uagb-faq-questions-button uagb-faq-questions\">\t\t\t<span class=\"uagb-icon uagb-faq-icon-wrap\">\n\t\t\t\t\t\t\t\t<svg xmlns=\"https:\/\/www.w3.org\/2000\/svg\" viewBox= \"0 0 448 512\"><path d=\"M432 256c0 17.69-14.33 32.01-32 32.01H256v144c0 17.69-14.33 31.99-32 31.99s-32-14.3-32-31.99v-144H48c-17.67 0-32-14.32-32-32.01s14.33-31.99 32-31.99H192v-144c0-17.69 14.33-32.01 32-32.01s32 14.32 32 32.01v144h144C417.7 224 432 238.3 432 256z\"><\/path><\/svg>\n\t\t\t\t\t\t\t<\/span>\n\t\t\t\t\t\t<span class=\"uagb-icon-active uagb-faq-icon-wrap\">\n\t\t\t\t\t\t\t\t<svg xmlns=\"https:\/\/www.w3.org\/2000\/svg\" viewBox= \"0 0 448 512\"><path d=\"M400 288h-352c-17.69 0-32-14.32-32-32.01s14.31-31.99 32-31.99h352c17.69 0 32 14.3 32 31.99S417.7 288 400 288z\"><\/path><\/svg>\n\t\t\t\t\t\t\t<\/span>\n\t\t\t<h3 class=\"uagb-question\">Wird Lerntherapie immer vom Jugendamt bezahlt?<\/h3><\/div><div class=\"uagb-faq-content\"><p>Nein. Es muss eine diagnostizierte Lernst\u00f6rung vorliegen. Zudem entscheidet jedes Jugendamt im Einzelfall.<\/p><\/div><\/div><div class=\"wp-block-uagb-faq-child uagb-faq-child__outer-wrap uagb-faq-item uagb-block-0fb39860 \" role=\"tab\" tabindex=\"0\"><div class=\"uagb-faq-questions-button uagb-faq-questions\">\t\t\t<span class=\"uagb-icon uagb-faq-icon-wrap\">\n\t\t\t\t\t\t\t\t<svg xmlns=\"https:\/\/www.w3.org\/2000\/svg\" viewBox= \"0 0 448 512\"><path d=\"M432 256c0 17.69-14.33 32.01-32 32.01H256v144c0 17.69-14.33 31.99-32 31.99s-32-14.3-32-31.99v-144H48c-17.67 0-32-14.32-32-32.01s14.33-31.99 32-31.99H192v-144c0-17.69 14.33-32.01 32-32.01s32 14.32 32 32.01v144h144C417.7 224 432 238.3 432 256z\"><\/path><\/svg>\n\t\t\t\t\t\t\t<\/span>\n\t\t\t\t\t\t<span class=\"uagb-icon-active uagb-faq-icon-wrap\">\n\t\t\t\t\t\t\t\t<svg xmlns=\"https:\/\/www.w3.org\/2000\/svg\" viewBox= \"0 0 448 512\"><path d=\"M400 288h-352c-17.69 0-32-14.32-32-32.01s14.31-31.99 32-31.99h352c17.69 0 32 14.3 32 31.99S417.7 288 400 288z\"><\/path><\/svg>\n\t\t\t\t\t\t\t<\/span>\n\t\t\t<h3 class=\"uagb-question\">Wie lange dauert es bis zur Bewilligung der Kosten\u00fcbernahme?<\/h3><\/div><div class=\"uagb-faq-content\"><p>Je nach Jugendamt kann die Bewilligung der Kosten\u00fcbernahme einige Wochen bis mehrere Monate dauern. Viele Therapeuten bieten eine \u00dcberbr\u00fcckung als Selbstzahler an.<\/p><\/div><\/div><div class=\"wp-block-uagb-faq-child uagb-faq-child__outer-wrap uagb-faq-item uagb-block-b2e1b979 \" role=\"tab\" tabindex=\"0\"><div class=\"uagb-faq-questions-button uagb-faq-questions\">\t\t\t<span class=\"uagb-icon uagb-faq-icon-wrap\">\n\t\t\t\t\t\t\t\t<svg xmlns=\"https:\/\/www.w3.org\/2000\/svg\" viewBox= \"0 0 448 512\"><path d=\"M432 256c0 17.69-14.33 32.01-32 32.01H256v144c0 17.69-14.33 31.99-32 31.99s-32-14.3-32-31.99v-144H48c-17.67 0-32-14.32-32-32.01s14.33-31.99 32-31.99H192v-144c0-17.69 14.33-32.01 32-32.01s32 14.32 32 32.01v144h144C417.7 224 432 238.3 432 256z\"><\/path><\/svg>\n\t\t\t\t\t\t\t<\/span>\n\t\t\t\t\t\t<span class=\"uagb-icon-active uagb-faq-icon-wrap\">\n\t\t\t\t\t\t\t\t<svg xmlns=\"https:\/\/www.w3.org\/2000\/svg\" viewBox= \"0 0 448 512\"><path d=\"M400 288h-352c-17.69 0-32-14.32-32-32.01s14.31-31.99 32-31.99h352c17.69 0 32 14.3 32 31.99S417.7 288 400 288z\"><\/path><\/svg>\n\t\t\t\t\t\t\t<\/span>\n\t\t\t<h3 class=\"uagb-question\">Welche Unterlagen sind f\u00fcr den Antrag n\u00f6tig?<\/h3><\/div><div class=\"uagb-faq-content\"><p>In der Regel sind ein \u00e4rztliches oder psychologisches Gutachten, eine schulische Einsch\u00e4tzung, ein F\u00f6rderplan sowie die formale Antragstellung durch die Eltern erforderlich.<\/p><\/div><\/div><\/div>","protected":false},"excerpt":{"rendered":"<p>Integrative Lerntherapie kann \u00fcber das Jugendamt finanziert werden \u2013 unter bestimmten Voraussetzungen nach \u00a7\u202f35a SGB VIII. Voraussetzung ist eine diagnostizierte Lernst\u00f6rung, die zu einer drohenden oder bereits bestehenden seelischen Behinderung f\u00fchrt und dadurch die gesellschaftliche Teilhabe beeintr\u00e4chtigt. Doch wie l\u00e4uft der Antrag konkret ab? Welche Nachweise sind erforderlich? Und welche Vor- oder Nachteile hat eine [&hellip;]<\/p>\n","protected":false},"author":2,"featured_media":4896,"comment_status":"closed","ping_status":"closed","sticky":false,"template":"","format":"standard","meta":{"inline_featured_image":false,"_uag_custom_page_level_css":"","site-sidebar-layout":"default","site-content-layout":"","ast-site-content-layout":"default","site-content-style":"default","site-sidebar-style":"default","ast-global-header-display":"","ast-banner-title-visibility":"","ast-main-header-display":"","ast-hfb-above-header-display":"","ast-hfb-below-header-display":"","ast-hfb-mobile-header-display":"","site-post-title":"","ast-breadcrumbs-content":"","ast-featured-img":"","footer-sml-layout":"","ast-disable-related-posts":"","theme-transparent-header-meta":"","adv-header-id-meta":"","stick-header-meta":"","header-above-stick-meta":"","header-main-stick-meta":"","header-below-stick-meta":"","astra-migrate-meta-layouts":"set","ast-page-background-enabled":"default","ast-page-background-meta":{"desktop":{"background-color":"","background-image":"","background-repeat":"repeat","background-position":"center center","background-size":"auto","background-attachment":"scroll","background-type":"","background-media":"","overlay-type":"","overlay-color":"","overlay-opacity":"","overlay-gradient":""},"tablet":{"background-color":"","background-image":"","background-repeat":"repeat","background-position":"center center","background-size":"auto","background-attachment":"scroll","background-type":"","background-media":"","overlay-type":"","overlay-color":"","overlay-opacity":"","overlay-gradient":""},"mobile":{"background-color":"","background-image":"","background-repeat":"repeat","background-position":"center center","background-size":"auto","background-attachment":"scroll","background-type":"","background-media":"","overlay-type":"","overlay-color":"","overlay-opacity":"","overlay-gradient":""}},"ast-content-background-meta":{"desktop":{"background-color":"var(--ast-global-color-5)","background-image":"","background-repeat":"repeat","background-position":"center center","background-size":"auto","background-attachment":"scroll","background-type":"","background-media":"","overlay-type":"","overlay-color":"","overlay-opacity":"","overlay-gradient":""},"tablet":{"background-color":"var(--ast-global-color-5)","background-image":"","background-repeat":"repeat","background-position":"center center","background-size":"auto","background-attachment":"scroll","background-type":"","background-media":"","overlay-type":"","overlay-color":"","overlay-opacity":"","overlay-gradient":""},"mobile":{"background-color":"var(--ast-global-color-5)","background-image":"","background-repeat":"repeat","background-position":"center center","background-size":"auto","background-attachment":"scroll","background-type":"","background-media":"","overlay-type":"","overlay-color":"","overlay-opacity":"","overlay-gradient":""}},"footnotes":""},"categories":[11],"tags":[],"class_list":["post-4895","post","type-post","status-publish","format-standard","has-post-thumbnail","hentry","category-lerntherapie-lerntherapeut"],"uagb_featured_image_src":{"full":["https:\/\/www.iflw.de\/blog\/wp-content\/uploads\/Finanzierung-von-Lerntherapie-ueber-dasJugendamt-Antragstellung-Zulassung-nach-\u00a735a-SGBVIII.webp",1024,1024,false],"thumbnail":["https:\/\/www.iflw.de\/blog\/wp-content\/uploads\/Finanzierung-von-Lerntherapie-ueber-dasJugendamt-Antragstellung-Zulassung-nach-\u00a735a-SGBVIII-150x150.webp",150,150,true],"medium":["https:\/\/www.iflw.de\/blog\/wp-content\/uploads\/Finanzierung-von-Lerntherapie-ueber-dasJugendamt-Antragstellung-Zulassung-nach-\u00a735a-SGBVIII-300x300.webp",300,300,true],"medium_large":["https:\/\/www.iflw.de\/blog\/wp-content\/uploads\/Finanzierung-von-Lerntherapie-ueber-dasJugendamt-Antragstellung-Zulassung-nach-\u00a735a-SGBVIII-768x768.webp",768,768,true],"large":["https:\/\/www.iflw.de\/blog\/wp-content\/uploads\/Finanzierung-von-Lerntherapie-ueber-dasJugendamt-Antragstellung-Zulassung-nach-\u00a735a-SGBVIII.webp",1024,1024,false],"1536x1536":["https:\/\/www.iflw.de\/blog\/wp-content\/uploads\/Finanzierung-von-Lerntherapie-ueber-dasJugendamt-Antragstellung-Zulassung-nach-\u00a735a-SGBVIII.webp",1024,1024,false],"2048x2048":["https:\/\/www.iflw.de\/blog\/wp-content\/uploads\/Finanzierung-von-Lerntherapie-ueber-dasJugendamt-Antragstellung-Zulassung-nach-\u00a735a-SGBVIII.webp",1024,1024,false]},"uagb_author_info":{"display_name":"Christine Falk-Fr\u00fchbrodt, M.A.","author_link":"https:\/\/www.iflw.de\/blog\/author\/christine\/"},"uagb_comment_info":0,"uagb_excerpt":"Integrative Lerntherapie kann \u00fcber das Jugendamt finanziert werden \u2013 unter bestimmten Voraussetzungen nach \u00a7\u202f35a SGB VIII. Voraussetzung ist eine diagnostizierte Lernst\u00f6rung, die zu einer drohenden oder bereits bestehenden seelischen Behinderung f\u00fchrt und dadurch die gesellschaftliche Teilhabe beeintr\u00e4chtigt. Doch wie l\u00e4uft der Antrag konkret ab? Welche Nachweise sind erforderlich? Und welche Vor- oder Nachteile hat eine&hellip;","_links":{"self":[{"href":"https:\/\/www.iflw.de\/blog\/wp-json\/wp\/v2\/posts\/4895","targetHints":{"allow":["GET"]}}],"collection":[{"href":"https:\/\/www.iflw.de\/blog\/wp-json\/wp\/v2\/posts"}],"about":[{"href":"https:\/\/www.iflw.de\/blog\/wp-json\/wp\/v2\/types\/post"}],"author":[{"embeddable":true,"href":"https:\/\/www.iflw.de\/blog\/wp-json\/wp\/v2\/users\/2"}],"replies":[{"embeddable":true,"href":"https:\/\/www.iflw.de\/blog\/wp-json\/wp\/v2\/comments?post=4895"}],"version-history":[{"count":4,"href":"https:\/\/www.iflw.de\/blog\/wp-json\/wp\/v2\/posts\/4895\/revisions"}],"predecessor-version":[{"id":4931,"href":"https:\/\/www.iflw.de\/blog\/wp-json\/wp\/v2\/posts\/4895\/revisions\/4931"}],"wp:featuredmedia":[{"embeddable":true,"href":"https:\/\/www.iflw.de\/blog\/wp-json\/wp\/v2\/media\/4896"}],"wp:attachment":[{"href":"https:\/\/www.iflw.de\/blog\/wp-json\/wp\/v2\/media?parent=4895"}],"wp:term":[{"taxonomy":"category","embeddable":true,"href":"https:\/\/www.iflw.de\/blog\/wp-json\/wp\/v2\/categories?post=4895"},{"taxonomy":"post_tag","embeddable":true,"href":"https:\/\/www.iflw.de\/blog\/wp-json\/wp\/v2\/tags?post=4895"}],"curies":[{"name":"wp","href":"https:\/\/api.w.org\/{rel}","templated":true}]}}